{"id":1188,"date":"2018-10-26T16:07:51","date_gmt":"2018-10-26T16:07:51","guid":{"rendered":"http:\/\/lancet-chelm.pl\/?p=1188"},"modified":"2025-04-25T11:10:34","modified_gmt":"2025-04-25T09:10:34","slug":"z-wizyta-w-portugalii-2018","status":"publish","type":"post","link":"https:\/\/lancet-chelm.pl\/?p=1188","title":{"rendered":"Z wizyt\u0105 w Portugalii 2018."},"content":{"rendered":"<div id=\"pl-1188\"  class=\"panel-layout\" ><div id=\"pg-1188-0\"  class=\"panel-grid panel-no-style\" ><div id=\"pgc-1188-0-0\"  class=\"panel-grid-cell\" ><div id=\"panel-1188-0-0-0\" class=\"so-panel widget widget_sow-editor panel-first-child panel-last-child\" data-index=\"0\" ><div\n\t\t\t\n\t\t\tclass=\"so-widget-sow-editor so-widget-sow-editor-base\"\n\t\t\t\n\t\t>\n<div class=\"siteorigin-widget-tinymce textwidget\">\n\t<p>Lekarze Lancetu po raz kolejny spotkali si\u0119 w Porto w Portugalii z <a href=\"http:\/\/www.stoplesoesnodesporto.com\/index.php?module=promo&amp;id=59\">dr Alcindo Silva<\/a> i <a href=\"https:\/\/centrodoombro.com\/\">dr Nuno Gomes<\/a>. S\u0142oneczny i gor\u0105cy pa\u017adziernik nad oceanem stanowi\u0142 doskona\u0142e t\u0142o do wymiany do\u015bwiadcze\u0144 z portugalskimi ortopedami. Techniki rekonstrukcji wi\u0119zad\u0142a krzy\u017cowego przedniego kolana oraz naprawy obr\u0105bka stawu ramiennego, czy rekonstrukcji sto\u017cka rotator\u00f3w barku s\u0105 wykonywane przez che\u0142mski zesp\u00f3\u0142 od wielu lat. Spotkania przy stole operacyjnym z kolegami z zagranicy wzbogacaj\u0105 w\u0142asne obserwacje, stanowi\u0105 dobry pretekst do modyfikacji procedury operacyjnej i post\u0119powania pooperacyjnego. Dr \u0141ukasz Kozak, dr Jaromir Jarecki i dr Piotr Kosior, wsp\u00f3lnie z 3 kolegami z Polski uczestniczyli w operacjach pokazowych w <a href=\"https:\/\/www.emgfa.pt\/pt\/organizacao\/hospitalFA\/hfarporto\/\">szpitalu wojskowym<\/a> i <a href=\"https:\/\/www.hospitaldaluz.pt\/arrabida\/pt\/\">prywatnym szpitalu Da Luz Arrabida<\/a> w Porto.<\/p>\n<\/div>\n<\/div><\/div><\/div><\/div><div id=\"pg-1188-1\"  class=\"panel-grid panel-no-style\" ><div id=\"pgc-1188-1-0\"  class=\"panel-grid-cell\" ><div id=\"panel-1188-1-0-0\" class=\"so-panel widget widget_sow-image panel-first-child panel-last-child\" data-index=\"1\" ><div\n\t\t\t\n\t\t\tclass=\"so-widget-sow-image so-widget-sow-image-default-c67d20f9f743-1188\"\n\t\t\t\n\t\t><\/div><\/div><\/div><div id=\"pgc-1188-1-1\"  class=\"panel-grid-cell\" ><div id=\"panel-1188-1-1-0\" class=\"so-panel widget widget_sow-image panel-first-child panel-last-child\" data-index=\"2\" ><div\n\t\t\t\n\t\t\tclass=\"so-widget-sow-image so-widget-sow-image-default-c67d20f9f743-1188\"\n\t\t\t\n\t\t><\/div><\/div><\/div><div id=\"pgc-1188-1-2\"  class=\"panel-grid-cell\" ><div id=\"panel-1188-1-2-0\" class=\"so-panel widget widget_sow-image panel-first-child panel-last-child\" data-index=\"3\" ><div\n\t\t\t\n\t\t\tclass=\"so-widget-sow-image so-widget-sow-image-default-c67d20f9f743-1188\"\n\t\t\t\n\t\t><\/div><\/div><\/div><\/div><\/div>","protected":false},"excerpt":{"rendered":"<p>Lekarze Lancetu po raz kolejny spotkali si\u0119 w Porto w Portugalii z dr Alcindo Silva i dr Nuno Gomes. S\u0142oneczny i gor\u0105cy pa\u017adziernik nad oceanem stanowi\u0142 doskona\u0142e t\u0142o do wymiany do\u015bwiadcze\u0144 z portugalskimi ortopedami. Techniki rekonstrukcji wi\u0119zad\u0142a krzy\u017cowego przedniego kolana oraz naprawy obr\u0105bka stawu ramiennego, czy rekonstrukcji sto\u017cka rotator\u00f3w barku s\u0105 wykonywane przez che\u0142mski zesp\u00f3\u0142&hellip;<\/p>\n","protected":false},"author":1,"featured_media":0,"comment_status":"open","ping_status":"open","sticky":false,"template":"","format":"standard","meta":{"footnotes":""},"categories":[66,65,64,2,16],"tags":[],"class_list":["post-1188","post","type-post","status-publish","format-standard","hentry","category-jaromir","category-kosior-p","category-kozak","category-news","category-travel"],"_links":{"self":[{"href":"https:\/\/lancet-chelm.pl\/index.php?rest_route=\/wp\/v2\/posts\/1188","targetHints":{"allow":["GET"]}}],"collection":[{"href":"https:\/\/lancet-chelm.pl\/index.php?rest_route=\/wp\/v2\/posts"}],"about":[{"href":"https:\/\/lancet-chelm.pl\/index.php?rest_route=\/wp\/v2\/types\/post"}],"author":[{"embeddable":true,"href":"https:\/\/lancet-chelm.pl\/index.php?rest_route=\/wp\/v2\/users\/1"}],"replies":[{"embeddable":true,"href":"https:\/\/lancet-chelm.pl\/index.php?rest_route=%2Fwp%2Fv2%2Fcomments&post=1188"}],"version-history":[{"count":6,"href":"https:\/\/lancet-chelm.pl\/index.php?rest_route=\/wp\/v2\/posts\/1188\/revisions"}],"predecessor-version":[{"id":5476,"href":"https:\/\/lancet-chelm.pl\/index.php?rest_route=\/wp\/v2\/posts\/1188\/revisions\/5476"}],"wp:attachment":[{"href":"https:\/\/lancet-chelm.pl\/index.php?rest_route=%2Fwp%2Fv2%2Fmedia&parent=1188"}],"wp:term":[{"taxonomy":"category","embeddable":true,"href":"https:\/\/lancet-chelm.pl\/index.php?rest_route=%2Fwp%2Fv2%2Fcategories&post=1188"},{"taxonomy":"post_tag","embeddable":true,"href":"https:\/\/lancet-chelm.pl\/index.php?rest_route=%2Fwp%2Fv2%2Ftags&post=1188"}],"curies":[{"name":"wp","href":"https:\/\/api.w.org\/{rel}","templated":true}]}}