{"id":1469,"date":"2019-04-28T08:47:07","date_gmt":"2019-04-28T08:47:07","guid":{"rendered":"https:\/\/lancet-chelm.pl\/?p=1469"},"modified":"2019-10-19T13:09:28","modified_gmt":"2019-10-19T13:09:28","slug":"1469","status":"publish","type":"post","link":"https:\/\/lancet-chelm.pl\/?p=1469","title":{"rendered":"Attune w Polsce"},"content":{"rendered":"<div id=\"pl-1469\"  class=\"panel-layout\" ><div id=\"pg-1469-0\"  class=\"panel-grid panel-no-style\" ><div id=\"pgc-1469-0-0\"  class=\"panel-grid-cell\" ><div id=\"panel-1469-0-0-0\" class=\"so-panel widget widget_sow-editor panel-first-child panel-last-child\" data-index=\"0\" ><div\n\t\t\t\n\t\t\tclass=\"so-widget-sow-editor so-widget-sow-editor-base\"\n\t\t\t\n\t\t>\n<div class=\"siteorigin-widget-tinymce textwidget\">\n\t<p>W dniach 25-26 kwietnia w Warszawie dr Marcin B\u0105k i dr Piotr Kosior brali udzia\u0142 w spotkaniu wprowadzaj\u0105cym innowacyjn\u0105 endoprotez\u0119 stawu kolanowego Attune do Polski. Cykl wyk\u0142ad\u00f3w i warsztat\u00f3w po\u015bwi\u0119cony by\u0142 nowoczesnej konstrukcji, biomechanice, technice operacyjnej oraz wczesnym wynikom implantacji endoprotezy. Obok prof. Roberta Harveya z Wielkiej Brytanii, prof. Jamesa Harty z Irlandii\u00a0 i dr Roberta Zdziarskiego z Wroc\u0142awia, dr Piotr Kosior by\u0142 jednym z wyk\u0142adowc\u00f3w dziel\u0105cych si\u0119 swoimi spostrze\u017ceniami i do\u015bwiadczeniami po implantacji pierwszych endoprotez Attune z uczestnikami.<\/p>\n<\/div>\n<\/div><\/div><\/div><div id=\"pgc-1469-0-1\"  class=\"panel-grid-cell\" ><div id=\"panel-1469-0-1-0\" class=\"so-panel widget widget_sow-image panel-first-child panel-last-child\" data-index=\"1\" ><div\n\t\t\t\n\t\t\tclass=\"so-widget-sow-image so-widget-sow-image-default-c67d20f9f743-1469\"\n\t\t\t\n\t\t><\/div><\/div><\/div><div id=\"pgc-1469-0-2\"  class=\"panel-grid-cell\" ><div id=\"panel-1469-0-2-0\" class=\"so-panel widget widget_sow-image panel-first-child panel-last-child\" data-index=\"2\" ><div\n\t\t\t\n\t\t\tclass=\"so-widget-sow-image so-widget-sow-image-default-c67d20f9f743-1469\"\n\t\t\t\n\t\t><\/div><\/div><\/div><\/div><\/div>","protected":false},"excerpt":{"rendered":"<p>W dniach 25-26 kwietnia w Warszawie dr Marcin B\u0105k i dr Piotr Kosior brali udzia\u0142 w spotkaniu wprowadzaj\u0105cym innowacyjn\u0105 endoprotez\u0119 stawu kolanowego Attune do Polski. Cykl wyk\u0142ad\u00f3w i warsztat\u00f3w po\u015bwi\u0119cony by\u0142 nowoczesnej konstrukcji, biomechanice, technice operacyjnej oraz wczesnym wynikom implantacji endoprotezy. Obok prof. Roberta Harveya z Wielkiej Brytanii, prof. Jamesa Harty z Irlandii\u00a0 i dr&hellip;<\/p>\n","protected":false},"author":1,"featured_media":0,"comment_status":"open","ping_status":"open","sticky":false,"template":"","format":"standard","meta":{"footnotes":""},"categories":[2,16],"tags":[],"class_list":["post-1469","post","type-post","status-publish","format-standard","hentry","category-news","category-travel"],"_links":{"self":[{"href":"https:\/\/lancet-chelm.pl\/index.php?rest_route=\/wp\/v2\/posts\/1469","targetHints":{"allow":["GET"]}}],"collection":[{"href":"https:\/\/lancet-chelm.pl\/index.php?rest_route=\/wp\/v2\/posts"}],"about":[{"href":"https:\/\/lancet-chelm.pl\/index.php?rest_route=\/wp\/v2\/types\/post"}],"author":[{"embeddable":true,"href":"https:\/\/lancet-chelm.pl\/index.php?rest_route=\/wp\/v2\/users\/1"}],"replies":[{"embeddable":true,"href":"https:\/\/lancet-chelm.pl\/index.php?rest_route=%2Fwp%2Fv2%2Fcomments&post=1469"}],"version-history":[{"count":13,"href":"https:\/\/lancet-chelm.pl\/index.php?rest_route=\/wp\/v2\/posts\/1469\/revisions"}],"predecessor-version":[{"id":1946,"href":"https:\/\/lancet-chelm.pl\/index.php?rest_route=\/wp\/v2\/posts\/1469\/revisions\/1946"}],"wp:attachment":[{"href":"https:\/\/lancet-chelm.pl\/index.php?rest_route=%2Fwp%2Fv2%2Fmedia&parent=1469"}],"wp:term":[{"taxonomy":"category","embeddable":true,"href":"https:\/\/lancet-chelm.pl\/index.php?rest_route=%2Fwp%2Fv2%2Fcategories&post=1469"},{"taxonomy":"post_tag","embeddable":true,"href":"https:\/\/lancet-chelm.pl\/index.php?rest_route=%2Fwp%2Fv2%2Ftags&post=1469"}],"curies":[{"name":"wp","href":"https:\/\/api.w.org\/{rel}","templated":true}]}}