{"id":1513,"date":"2019-05-25T18:11:25","date_gmt":"2019-05-25T18:11:25","guid":{"rendered":"https:\/\/lancet-chelm.pl\/?p=1513"},"modified":"2019-10-19T13:07:42","modified_gmt":"2019-10-19T13:07:42","slug":"sympozjum-w-bielsku-bialej","status":"publish","type":"post","link":"https:\/\/lancet-chelm.pl\/?p=1513","title":{"rendered":"Sympozjum w Bielsku-Bia\u0142ej"},"content":{"rendered":"<div id=\"pl-1513\"  class=\"panel-layout\" ><div id=\"pg-1513-0\"  class=\"panel-grid panel-no-style\" ><div id=\"pgc-1513-0-0\"  class=\"panel-grid-cell\" ><div id=\"panel-1513-0-0-0\" class=\"so-panel widget widget_sow-image panel-first-child panel-last-child\" data-index=\"0\" ><div\n\t\t\t\n\t\t\tclass=\"so-widget-sow-image so-widget-sow-image-default-c67d20f9f743-1513\"\n\t\t\t\n\t\t><\/div><\/div><\/div><div id=\"pgc-1513-0-1\"  class=\"panel-grid-cell\" ><div id=\"panel-1513-0-1-0\" class=\"so-panel widget widget_sow-image panel-first-child panel-last-child\" data-index=\"1\" ><div\n\t\t\t\n\t\t\tclass=\"so-widget-sow-image so-widget-sow-image-default-c67d20f9f743-1513\"\n\t\t\t\n\t\t><\/div><\/div><\/div><div id=\"pgc-1513-0-2\"  class=\"panel-grid-cell\" ><div id=\"panel-1513-0-2-0\" class=\"so-panel widget widget_sow-image panel-first-child panel-last-child\" data-index=\"2\" ><div\n\t\t\t\n\t\t\tclass=\"so-widget-sow-image so-widget-sow-image-default-c67d20f9f743-1513\"\n\t\t\t\n\t\t><\/div><\/div><\/div><\/div><div id=\"pg-1513-1\"  class=\"panel-grid panel-no-style\" ><div id=\"pgc-1513-1-0\"  class=\"panel-grid-cell\" ><div id=\"panel-1513-1-0-0\" class=\"so-panel widget widget_sow-editor panel-first-child panel-last-child\" data-index=\"3\" ><div\n\t\t\t\n\t\t\tclass=\"so-widget-sow-editor so-widget-sow-editor-base\"\n\t\t\t\n\t\t>\n<div class=\"siteorigin-widget-tinymce textwidget\">\n\t<p>W zalanej strugami deszczu scenerii Beskidu \u015al\u0105skiego dr Jaromir Jarecki, dr \u0141ukasz Kozak i dr Piotr Kosior uczestniczyli w dniach 23-24 maja 2019 roku w zorganizowanym przez zesp\u00f3\u0142 <a href=\"http:\/\/www.lukasza.pl\">Kliniki \u015aw. \u0141ukasza<\/a> sympozjum po\u015bwi\u0119conym powik\u0142aniom po zabiegach chirurgicznych barku. Wyk\u0142adowcami dwu dniowego spotkania byli ortopedzi m.in. z Belii, Portugalii i Litwy. Poza ciekawymi wyk\u0142adami najbardziej interesuj\u0105ce by\u0142y transmisje \"live\" z sali operacyjnej. Najwi\u0119ksze wra\u017cenie i przyczyn\u0119 dalszych dyskusji wzbudzi\u0142y operacje pokazowe rekonstrukcji w masywnym uszkodzeniu sto\u017cka rotator\u00f3w w wykonaniu <a href=\"http:\/\/ortogida.lt\/traumatologija\/catalog\/viktoras-jermolajevas\/\">dr Viktorasa Jermolajevasa<\/a> z K\u0142ajpedy oraz operacja artroskopowa wg Laterjet przewlek\u0142ej niestabilno\u015bci stawu ramiennego\u00a0 w wykonaniu <a href=\"https:\/\/lukasza.pl\/doctor\/brzoska-roman\/\">dr Romana Brz\u00f3ski<\/a> z Bielska-Bia\u0142ej. Obecne, czternaste ju\u017c bialskie sympozjum, jak wszystkie dotychczasowe, w kt\u00f3rych uczestniczyli lekarze Lancetu, wnios\u0142o cenne wskaz\u00f3wki i modyfikacje artroskopowych technik operacyjnych barku. Konferencja by\u0142a r\u00f3wnie\u017c okazj\u0105 do spotkania i wymiany do\u015bwiadcze\u0144 zawodowych z kolegami zajmuj\u0105cymi si\u0119 w swojej praktyce problematyk\u0105 barku m.in. z dr \u0141ukaszem Czuraszkiewiczem z Lublina.<\/p>\n<\/div>\n<\/div><\/div><\/div><\/div><\/div>","protected":false},"excerpt":{"rendered":"<p>W zalanej strugami deszczu scenerii Beskidu \u015al\u0105skiego dr Jaromir Jarecki, dr \u0141ukasz Kozak i dr Piotr Kosior uczestniczyli w dniach 23-24 maja 2019 roku w zorganizowanym przez zesp\u00f3\u0142 Kliniki \u015aw. \u0141ukasza sympozjum po\u015bwi\u0119conym powik\u0142aniom po zabiegach chirurgicznych barku. Wyk\u0142adowcami dwu dniowego spotkania byli ortopedzi m.in. z Belii, Portugalii i Litwy. Poza ciekawymi wyk\u0142adami najbardziej interesuj\u0105ce&hellip;<\/p>\n","protected":false},"author":1,"featured_media":0,"comment_status":"open","ping_status":"open","sticky":false,"template":"","format":"standard","meta":{"footnotes":""},"categories":[2,16],"tags":[],"class_list":["post-1513","post","type-post","status-publish","format-standard","hentry","category-news","category-travel"],"_links":{"self":[{"href":"https:\/\/lancet-chelm.pl\/index.php?rest_route=\/wp\/v2\/posts\/1513","targetHints":{"allow":["GET"]}}],"collection":[{"href":"https:\/\/lancet-chelm.pl\/index.php?rest_route=\/wp\/v2\/posts"}],"about":[{"href":"https:\/\/lancet-chelm.pl\/index.php?rest_route=\/wp\/v2\/types\/post"}],"author":[{"embeddable":true,"href":"https:\/\/lancet-chelm.pl\/index.php?rest_route=\/wp\/v2\/users\/1"}],"replies":[{"embeddable":true,"href":"https:\/\/lancet-chelm.pl\/index.php?rest_route=%2Fwp%2Fv2%2Fcomments&post=1513"}],"version-history":[{"count":14,"href":"https:\/\/lancet-chelm.pl\/index.php?rest_route=\/wp\/v2\/posts\/1513\/revisions"}],"predecessor-version":[{"id":1942,"href":"https:\/\/lancet-chelm.pl\/index.php?rest_route=\/wp\/v2\/posts\/1513\/revisions\/1942"}],"wp:attachment":[{"href":"https:\/\/lancet-chelm.pl\/index.php?rest_route=%2Fwp%2Fv2%2Fmedia&parent=1513"}],"wp:term":[{"taxonomy":"category","embeddable":true,"href":"https:\/\/lancet-chelm.pl\/index.php?rest_route=%2Fwp%2Fv2%2Fcategories&post=1513"},{"taxonomy":"post_tag","embeddable":true,"href":"https:\/\/lancet-chelm.pl\/index.php?rest_route=%2Fwp%2Fv2%2Ftags&post=1513"}],"curies":[{"name":"wp","href":"https:\/\/api.w.org\/{rel}","templated":true}]}}