{"id":165,"date":"2018-03-14T11:01:57","date_gmt":"2018-03-14T11:01:57","guid":{"rendered":"http:\/\/demo.acmethemes.com\/medical-circle\/?p=11"},"modified":"2019-10-19T13:13:15","modified_gmt":"2019-10-19T13:13:15","slug":"biochemistry-analysis","status":"publish","type":"post","link":"https:\/\/lancet-chelm.pl\/?p=165","title":{"rendered":"Z wizyt\u0105 we W\u0142oszech"},"content":{"rendered":"<div id=\"pl-165\"  class=\"panel-layout\" ><div id=\"pg-165-0\"  class=\"panel-grid panel-no-style\" ><div id=\"pgc-165-0-0\"  class=\"panel-grid-cell\" ><div id=\"panel-165-0-0-0\" class=\"so-panel widget widget_sow-editor panel-first-child panel-last-child\" data-index=\"0\" ><div\n\t\t\t\n\t\t\tclass=\"so-widget-sow-editor so-widget-sow-editor-base\"\n\t\t\t\n\t\t>\n<div class=\"siteorigin-widget-tinymce textwidget\">\n\t<p>&nbsp;<\/p>\n<p>&nbsp;<\/p>\n<p>Na pocz\u0105tku marca 2018 roku lekarze Lancetu spotkali si\u0119 z profesorem <a href=\"http:\/\/www.alessandrolelli.it\/\">Alessandro Lelli<\/a> z Bolonii we W\u0142oszech. Wizyta na sali operacyjnej by\u0142a znakomit\u0105 okazj\u0105 do wymiany do\u015bwiadcze\u0144 operacyjnych w rekonstrukcji wi\u0119zad\u0142a krzy\u017cowego przedniego oraz endoprotezoplastyki ca\u0142kowitej i po\u0142owiczej stawu kolanowego.<\/p>\n<p>&nbsp;<\/p>\n<\/div>\n<\/div><\/div><\/div><\/div><div id=\"pg-165-1\"  class=\"panel-grid panel-no-style\" ><div id=\"pgc-165-1-0\"  class=\"panel-grid-cell\" ><div id=\"panel-165-1-0-0\" class=\"so-panel widget widget_sow-image panel-first-child panel-last-child\" data-index=\"1\" ><div\n\t\t\t\n\t\t\tclass=\"so-widget-sow-image so-widget-sow-image-default-c67d20f9f743-165\"\n\t\t\t\n\t\t><\/div><\/div><\/div><div id=\"pgc-165-1-1\"  class=\"panel-grid-cell\" ><div id=\"panel-165-1-1-0\" class=\"so-panel widget widget_sow-image panel-first-child panel-last-child\" data-index=\"2\" ><div\n\t\t\t\n\t\t\tclass=\"so-widget-sow-image so-widget-sow-image-default-c67d20f9f743-165\"\n\t\t\t\n\t\t><\/div><\/div><\/div><\/div><\/div>","protected":false},"excerpt":{"rendered":"<p>&nbsp; &nbsp; Na pocz\u0105tku marca 2018 roku lekarze Lancetu spotkali si\u0119 z profesorem Alessandro Lelli z Bolonii we W\u0142oszech. Wizyta na sali operacyjnej by\u0142a znakomit\u0105 okazj\u0105 do wymiany do\u015bwiadcze\u0144 operacyjnych w rekonstrukcji wi\u0119zad\u0142a krzy\u017cowego przedniego oraz endoprotezoplastyki ca\u0142kowitej i po\u0142owiczej stawu kolanowego. &nbsp;<\/p>\n","protected":false},"author":1,"featured_media":0,"comment_status":"open","ping_status":"open","sticky":false,"template":"","format":"standard","meta":{"footnotes":""},"categories":[2,16],"tags":[],"class_list":["post-165","post","type-post","status-publish","format-standard","hentry","category-news","category-travel"],"_links":{"self":[{"href":"https:\/\/lancet-chelm.pl\/index.php?rest_route=\/wp\/v2\/posts\/165","targetHints":{"allow":["GET"]}}],"collection":[{"href":"https:\/\/lancet-chelm.pl\/index.php?rest_route=\/wp\/v2\/posts"}],"about":[{"href":"https:\/\/lancet-chelm.pl\/index.php?rest_route=\/wp\/v2\/types\/post"}],"author":[{"embeddable":true,"href":"https:\/\/lancet-chelm.pl\/index.php?rest_route=\/wp\/v2\/users\/1"}],"replies":[{"embeddable":true,"href":"https:\/\/lancet-chelm.pl\/index.php?rest_route=%2Fwp%2Fv2%2Fcomments&post=165"}],"version-history":[{"count":7,"href":"https:\/\/lancet-chelm.pl\/index.php?rest_route=\/wp\/v2\/posts\/165\/revisions"}],"predecessor-version":[{"id":1200,"href":"https:\/\/lancet-chelm.pl\/index.php?rest_route=\/wp\/v2\/posts\/165\/revisions\/1200"}],"wp:attachment":[{"href":"https:\/\/lancet-chelm.pl\/index.php?rest_route=%2Fwp%2Fv2%2Fmedia&parent=165"}],"wp:term":[{"taxonomy":"category","embeddable":true,"href":"https:\/\/lancet-chelm.pl\/index.php?rest_route=%2Fwp%2Fv2%2Fcategories&post=165"},{"taxonomy":"post_tag","embeddable":true,"href":"https:\/\/lancet-chelm.pl\/index.php?rest_route=%2Fwp%2Fv2%2Ftags&post=165"}],"curies":[{"name":"wp","href":"https:\/\/api.w.org\/{rel}","templated":true}]}}