{"id":3481,"date":"2020-11-03T14:13:13","date_gmt":"2020-11-03T14:13:13","guid":{"rendered":"https:\/\/lancet-chelm.pl\/?p=3481"},"modified":"2020-11-03T14:13:13","modified_gmt":"2020-11-03T14:13:13","slug":"przykurcz-dupuytrena","status":"publish","type":"post","link":"https:\/\/lancet-chelm.pl\/?p=3481","title":{"rendered":"Przykurcz Dupuytrena"},"content":{"rendered":"<div id=\"pl-3481\"  class=\"panel-layout\" ><div id=\"pg-3481-0\"  class=\"panel-grid panel-no-style\" ><div id=\"pgc-3481-0-0\"  class=\"panel-grid-cell\" ><div id=\"panel-3481-0-0-0\" class=\"so-panel widget widget_sow-headline panel-first-child\" data-index=\"0\" ><div\n\t\t\t\n\t\t\tclass=\"so-widget-sow-headline so-widget-sow-headline-default-5f836a8e7709-3481\"\n\t\t\t\n\t\t><div class=\"sow-headline-container \">\n\t\t\t\t\t\t\t<h1 class=\"sow-headline\">\n\t\t\t\t\t\tPrzykurcz Dupuytrena\t\t\t\t\t\t<\/h1>\n\t\t\t\t\t\t\t\t\t\t\t<div class=\"decoration\">\n\t\t\t\t\t\t<div class=\"decoration-inside\"><\/div>\n\t\t\t\t\t<\/div>\n\t\t\t\t\t<\/div>\n<\/div><\/div><div id=\"panel-3481-0-0-1\" class=\"so-panel widget widget_sow-editor panel-last-child\" data-index=\"1\" ><div\n\t\t\t\n\t\t\tclass=\"so-widget-sow-editor so-widget-sow-editor-base\"\n\t\t\t\n\t\t>\n<div class=\"siteorigin-widget-tinymce textwidget\">\n\t<p style=\"text-align: center;\">Przykurcz Dupuytrena to choroba rozci\u0119gna d\u0142oniowego r\u0119ki o nieznanej przyczynie, polegaj\u0105ca na jego zgrubieniu, tworzeniu guzk\u00f3w i pasm, prowadz\u0105c do przykurczu zgi\u0119ciowego palc\u00f3w.<\/p>\n<hr \/>\n<p style=\"text-align: center;\">W\u015br\u00f3d przyczyn przykurczu Dupuytrena wymienia si\u0119 predyspozycj\u0119 genetyczn\u0105. Cz\u0119\u015bciej choruj\u0105 m\u0119\u017cczy\u017ani, g\u0142\u00f3wnie w wieku 50-70 lat. Najcz\u0119\u015bciej proces chorobowy dotyczy V i IV oraz III palca, bardzo rzadko mo\u017ce wyst\u0119powa\u0107 w kciuku i II palcu. Bardzo cz\u0119sto przykurczem obj\u0119te s\u0105 palce obu r\u0105k.\u00a0 Niestety u ponad 50% chorych obserwuje si\u0119 po leczeniu nawr\u00f3t choroby. Powstaniu przykurczu sprzyja cukrzyca, ci\u0119\u017cka praca fizyczna, palenie tytoniu.<\/p>\n<\/div>\n<\/div><\/div><\/div><div id=\"pgc-3481-0-1\"  class=\"panel-grid-cell\" ><div id=\"panel-3481-0-1-0\" class=\"so-panel widget widget_sow-image panel-first-child panel-last-child\" data-index=\"2\" ><div\n\t\t\t\n\t\t\tclass=\"so-widget-sow-image so-widget-sow-image-default-c67d20f9f743-3481\"\n\t\t\t\n\t\t><\/div><\/div><\/div><\/div><div id=\"pg-3481-1\"  class=\"panel-grid panel-no-style\" ><div id=\"pgc-3481-1-0\"  class=\"panel-grid-cell\" ><div id=\"panel-3481-1-0-0\" class=\"so-panel widget widget_sow-editor panel-first-child panel-last-child\" data-index=\"3\" ><div\n\t\t\t\n\t\t\tclass=\"so-widget-sow-editor so-widget-sow-editor-base\"\n\t\t\t\n\t\t>\n<div class=\"siteorigin-widget-tinymce textwidget\">\n\t<p><strong>Leczenie zachowawcze<\/strong> choroby Dupuytrena s\u0105 rzadko stosowane ze wzgl\u0119du na niewielk\u0105 skuteczno\u015b\u0107. Do metod tych mo\u017cna zaliczy\u0107 radioterapi\u0119 i <a href=\"https:\/\/lancet-chelm.pl\/?p=3040\" target=\"_blank\" rel=\"noopener noreferrer\">fal\u0119 uderzeniow\u0105 ESWT<\/a>. Stosuje si\u0119 je w okresie przed- i pooperacyjnym celem zmi\u0119kczenia tkanki, poprawy gojenia i zapobiegania powstania nawrotu.<\/p>\n<\/div>\n<\/div><\/div><\/div><\/div><div id=\"pg-3481-2\"  class=\"panel-grid panel-no-style\" ><div id=\"pgc-3481-2-0\"  class=\"panel-grid-cell\" ><div id=\"panel-3481-2-0-0\" class=\"so-panel widget widget_sow-editor panel-first-child panel-last-child\" data-index=\"4\" ><div\n\t\t\t\n\t\t\tclass=\"so-widget-sow-editor so-widget-sow-editor-base\"\n\t\t\t\n\t\t>\n<div class=\"siteorigin-widget-tinymce textwidget\">\n\t<p><strong>Leczenie operacyjne\u00a0<\/strong>jest najcz\u0119stsz\u0105 metod\u0105 leczenia przykurczu i polega na wyci\u0119ciu bliznowato zmienionego rozci\u0119gna d\u0142oniowego i uwolnieniu przykurczu zaj\u0119tych palc\u00f3w. Leczenie operacyjne niestety niesie za sob\u0105 ryzyko powik\u0142a\u0144 pod postaci\u0105 martwicy sk\u00f3ry w okolicy rany pooperacyjnej, uszkodzenia nerwu palcowego.<\/p>\n<p>Rzadziej stosowane metody do przezsk\u00f3rne przeci\u0119cie pasm rozci\u0119gna, kt\u00f3re przykurczaj\u0105 palec. Mo\u017ce ona by\u0107 po\u0142\u0105czona z jednoczasow\u0105 iniekcj\u0105 kom\u00f3rek mezenchymalnych pochodzenia t\u0142uszczowego (<a href=\"https:\/\/lancet-chelm.pl\/?p=1559\" target=\"_blank\" rel=\"noopener noreferrer\">Lipogems<\/a>). W mniej zaawansowanych stadiach przykurczu Dupuytrena stosuje si\u0119 r\u00f3wnie\u017c podanie w formie leku - enzymu kolagenazy (Xiapex),\u00a0 kt\u00f3ra trawi kolagen bliznowatej tkanki rozci\u0119gna.<\/p>\n<\/div>\n<\/div><\/div><\/div><\/div><div id=\"pg-3481-3\"  class=\"panel-grid panel-no-style\" ><div id=\"pgc-3481-3-0\"  class=\"panel-grid-cell panel-grid-cell-mobile-last\" ><div id=\"panel-3481-3-0-0\" class=\"so-panel widget widget_sow-editor panel-first-child panel-last-child\" data-index=\"5\" ><div\n\t\t\t\n\t\t\tclass=\"so-widget-sow-editor so-widget-sow-editor-base\"\n\t\t\t\n\t\t>\n<div class=\"siteorigin-widget-tinymce textwidget\">\n\t<p>Je\u015bli podejrzewasz u siebie chorob\u0119 Dupuytrena skonsultuj si\u0119 z lekarzem ortoped\u0105 z Lancetu. Um\u00f3w si\u0119 na wizyt\u0119 przez <a href=\"https:\/\/lancet-chelm.pl\/?page_id=2\" target=\"_blank\" rel=\"noopener noreferrer\">kalendarz on-line &gt;&gt;&gt;<\/a>\u00a0. Przed wizyt\u0105 przygotuj spis aktualnie przyjmowanych lek\u00f3w, uwagi o uczuleniach i nietolerancjach, odszukaj dokumentacj\u0119 dotychczasowego leczenia.<\/p>\n<\/div>\n<\/div><\/div><\/div><div id=\"pgc-3481-3-1\"  class=\"panel-grid-cell panel-grid-cell-empty\" ><\/div><\/div><div id=\"pg-3481-4\"  class=\"panel-grid panel-no-style\" ><div id=\"pgc-3481-4-0\"  class=\"panel-grid-cell panel-grid-cell-empty panel-grid-cell-mobile-last\" ><\/div><div id=\"pgc-3481-4-1\"  class=\"panel-grid-cell panel-grid-cell-empty\" ><\/div><\/div><\/div>","protected":false},"excerpt":{"rendered":"<p>Przykurcz Dupuytrena to choroba rozci\u0119gna d\u0142oniowego r\u0119ki o nieznanej przyczynie, polegaj\u0105ca na jego zgrubieniu, tworzeniu guzk\u00f3w i pasm, prowadz\u0105c do przykurczu zgi\u0119ciowego palc\u00f3w. W\u015br\u00f3d przyczyn przykurczu Dupuytrena wymienia si\u0119 predyspozycj\u0119 genetyczn\u0105. Cz\u0119\u015bciej choruj\u0105 m\u0119\u017cczy\u017ani, g\u0142\u00f3wnie w wieku 50-70 lat. Najcz\u0119\u015bciej proces chorobowy dotyczy V i IV oraz III palca, bardzo rzadko mo\u017ce wyst\u0119powa\u0107 w kciuku&hellip;<\/p>\n","protected":false},"author":1,"featured_media":0,"comment_status":"open","ping_status":"closed","sticky":false,"template":"","format":"standard","meta":{"footnotes":""},"categories":[49,50],"tags":[],"class_list":["post-3481","post","type-post","status-publish","format-standard","hentry","category-choroby","category-konczyna-gorna"],"_links":{"self":[{"href":"https:\/\/lancet-chelm.pl\/index.php?rest_route=\/wp\/v2\/posts\/3481","targetHints":{"allow":["GET"]}}],"collection":[{"href":"https:\/\/lancet-chelm.pl\/index.php?rest_route=\/wp\/v2\/posts"}],"about":[{"href":"https:\/\/lancet-chelm.pl\/index.php?rest_route=\/wp\/v2\/types\/post"}],"author":[{"embeddable":true,"href":"https:\/\/lancet-chelm.pl\/index.php?rest_route=\/wp\/v2\/users\/1"}],"replies":[{"embeddable":true,"href":"https:\/\/lancet-chelm.pl\/index.php?rest_route=%2Fwp%2Fv2%2Fcomments&post=3481"}],"version-history":[{"count":23,"href":"https:\/\/lancet-chelm.pl\/index.php?rest_route=\/wp\/v2\/posts\/3481\/revisions"}],"predecessor-version":[{"id":3507,"href":"https:\/\/lancet-chelm.pl\/index.php?rest_route=\/wp\/v2\/posts\/3481\/revisions\/3507"}],"wp:attachment":[{"href":"https:\/\/lancet-chelm.pl\/index.php?rest_route=%2Fwp%2Fv2%2Fmedia&parent=3481"}],"wp:term":[{"taxonomy":"category","embeddable":true,"href":"https:\/\/lancet-chelm.pl\/index.php?rest_route=%2Fwp%2Fv2%2Fcategories&post=3481"},{"taxonomy":"post_tag","embeddable":true,"href":"https:\/\/lancet-chelm.pl\/index.php?rest_route=%2Fwp%2Fv2%2Ftags&post=3481"}],"curies":[{"name":"wp","href":"https:\/\/api.w.org\/{rel}","templated":true}]}}