{"id":370,"date":"2018-04-20T19:40:10","date_gmt":"2018-04-20T19:40:10","guid":{"rendered":"http:\/\/lancet-chelm.pl\/?p=370"},"modified":"2019-10-19T13:13:07","modified_gmt":"2019-10-19T13:13:07","slug":"dr-andrzej-kosior-uhonorowany","status":"publish","type":"post","link":"https:\/\/lancet-chelm.pl\/?p=370","title":{"rendered":"Dr Andrzej Kosior uhonorowany"},"content":{"rendered":"<p>16 kwietnia 2018 roku dr Andrzej Kosior odebra\u0142 z r\u0105k Ministra Zdrowia \u0141ukasza Szumowskiego oraz Wicemarsza\u0142ka Sejmu RP Beaty Mazurek honorowe odznaczenie &#8222;Za zas\u0142ugi dla ochrony zdrowia&#8221;. Gratulujemy!<\/p>\n","protected":false},"excerpt":{"rendered":"<p>16 kwietnia 2018 roku dr Andrzej Kosior odebra\u0142 z r\u0105k Ministra Zdrowia \u0141ukasza Szumowskiego oraz Wicemarsza\u0142ka Sejmu RP Beaty Mazurek honorowe odznaczenie &#8222;Za zas\u0142ugi dla ochrony zdrowia&#8221;. Gratulujemy!<\/p>\n","protected":false},"author":1,"featured_media":0,"comment_status":"open","ping_status":"open","sticky":false,"template":"","format":"standard","meta":{"footnotes":""},"categories":[15,2],"tags":[],"class_list":["post-370","post","type-post","status-publish","format-standard","hentry","category-lancet","category-news"],"_links":{"self":[{"href":"https:\/\/lancet-chelm.pl\/index.php?rest_route=\/wp\/v2\/posts\/370","targetHints":{"allow":["GET"]}}],"collection":[{"href":"https:\/\/lancet-chelm.pl\/index.php?rest_route=\/wp\/v2\/posts"}],"about":[{"href":"https:\/\/lancet-chelm.pl\/index.php?rest_route=\/wp\/v2\/types\/post"}],"author":[{"embeddable":true,"href":"https:\/\/lancet-chelm.pl\/index.php?rest_route=\/wp\/v2\/users\/1"}],"replies":[{"embeddable":true,"href":"https:\/\/lancet-chelm.pl\/index.php?rest_route=%2Fwp%2Fv2%2Fcomments&post=370"}],"version-history":[{"count":1,"href":"https:\/\/lancet-chelm.pl\/index.php?rest_route=\/wp\/v2\/posts\/370\/revisions"}],"predecessor-version":[{"id":372,"href":"https:\/\/lancet-chelm.pl\/index.php?rest_route=\/wp\/v2\/posts\/370\/revisions\/372"}],"wp:attachment":[{"href":"https:\/\/lancet-chelm.pl\/index.php?rest_route=%2Fwp%2Fv2%2Fmedia&parent=370"}],"wp:term":[{"taxonomy":"category","embeddable":true,"href":"https:\/\/lancet-chelm.pl\/index.php?rest_route=%2Fwp%2Fv2%2Fcategories&post=370"},{"taxonomy":"post_tag","embeddable":true,"href":"https:\/\/lancet-chelm.pl\/index.php?rest_route=%2Fwp%2Fv2%2Ftags&post=370"}],"curies":[{"name":"wp","href":"https:\/\/api.w.org\/{rel}","templated":true}]}}