{"id":4955,"date":"2024-05-20T17:23:25","date_gmt":"2024-05-20T15:23:25","guid":{"rendered":"https:\/\/lancet-chelm.pl\/?p=4955"},"modified":"2025-02-07T13:11:38","modified_gmt":"2025-02-07T12:11:38","slug":"kongres-esska-mediolan-2024","status":"publish","type":"post","link":"https:\/\/lancet-chelm.pl\/?p=4955","title":{"rendered":"Kongres ESSKA Mediolan 2024"},"content":{"rendered":"<div id=\"pl-4955\"  class=\"panel-layout\" ><div id=\"pg-4955-0\"  class=\"panel-grid panel-no-style\" ><div id=\"pgc-4955-0-0\"  class=\"panel-grid-cell\" ><div id=\"panel-4955-0-0-0\" class=\"so-panel widget widget_sow-editor panel-first-child\" data-index=\"0\" ><div\n\t\t\t\n\t\t\tclass=\"so-widget-sow-editor so-widget-sow-editor-base\"\n\t\t\t\n\t\t>\n<div class=\"siteorigin-widget-tinymce textwidget\">\n\t<p>Jednym z wa\u017cniejszych wydarze\u0144 ortopedycznych jest organizowany co 2 lata kongres Europejskiego Towarzystwa Chirurg\u00f3w Uraz\u00f3w Sportowych, Chirurgii Kolana i Artroskopii (ESSKA). W 2024 roku zjazd odby\u0142 si\u0119 w Alianz MiCo w Mediolanie w dniach 8-10 maja. W spotkaniu bra\u0142o udzia\u0142 ponad 4500 ortoped\u00f3w z ca\u0142ego \u015bwiata, w tym ok. 150 os\u00f3b z Polski. Wyk\u0142ady odbywa\u0142y si\u0119 jednocze\u015bnie w 6 salach konferencyjnych. Tematyka by\u0142a \u00a0bardzo zr\u00f3\u017cnicowana: od zastosowania ortobiologii, przez techniki operacyjne leczenia uraz\u00f3w narz\u0105du ruchu, po zmieniaj\u0105ce si\u0119 standardy w endoprotezoplastyce kolana i stawu ramiennego. Zesp\u00f3\u0142 Lancetu w sk\u0142adzie: dr Jaromir Jarecki, dr \u0141ukasz Kozak i dr Piotr Kosior intensywnie zmienia\u0142 sale wyk\u0142adowe, aby wys\u0142ucha\u0107 jak najwi\u0119cej prezentacji. Wiele zaprezentowanych nowo\u015bci wzbudzi\u0142o du\u017ce zainteresowanie i zainicjowa\u0142o proces wdro\u017cenia ich we w\u0142asnej praktyce. Kolejny kongres odb\u0119dzie si\u0119 w 2026 roku w Pradze.<\/p>\n<\/div>\n<\/div><\/div><div id=\"panel-4955-0-0-1\" class=\"so-panel widget widget_sow-image panel-last-child\" data-index=\"1\" ><div\n\t\t\t\n\t\t\tclass=\"so-widget-sow-image so-widget-sow-image-default-8b5b6f678277-4955\"\n\t\t\t\n\t\t>\n<div class=\"sow-image-container\">\n\t\t<img \n\tsrc=\"https:\/\/lancet-chelm.pl\/wp-content\/uploads\/2024\/05\/Milan2024_01.jpg\" width=\"1920\" height=\"1920\" srcset=\"https:\/\/lancet-chelm.pl\/wp-content\/uploads\/2024\/05\/Milan2024_01.jpg 1920w, https:\/\/lancet-chelm.pl\/wp-content\/uploads\/2024\/05\/Milan2024_01-300x300.jpg 300w, https:\/\/lancet-chelm.pl\/wp-content\/uploads\/2024\/05\/Milan2024_01-1024x1024.jpg 1024w, https:\/\/lancet-chelm.pl\/wp-content\/uploads\/2024\/05\/Milan2024_01-150x150.jpg 150w, https:\/\/lancet-chelm.pl\/wp-content\/uploads\/2024\/05\/Milan2024_01-768x768.jpg 768w, https:\/\/lancet-chelm.pl\/wp-content\/uploads\/2024\/05\/Milan2024_01-1536x1536.jpg 1536w\" sizes=\"(max-width: 1920px) 100vw, 1920px\" alt=\"\" \t\tclass=\"so-widget-image\"\/>\n\t<\/div>\n\n<\/div><\/div><\/div><\/div><\/div>","protected":false},"excerpt":{"rendered":"<p>Jednym z wa\u017cniejszych wydarze\u0144 ortopedycznych jest organizowany co 2 lata kongres Europejskiego Towarzystwa Chirurg\u00f3w Uraz\u00f3w Sportowych, Chirurgii Kolana i Artroskopii (ESSKA). W 2024 roku zjazd odby\u0142 si\u0119 w Alianz MiCo w Mediolanie w dniach 8-10 maja. W spotkaniu bra\u0142o udzia\u0142 ponad 4500 ortoped\u00f3w z ca\u0142ego \u015bwiata, w tym ok. 150 os\u00f3b z Polski. Wyk\u0142ady odbywa\u0142y&hellip;<\/p>\n","protected":false},"author":1,"featured_media":5431,"comment_status":"open","ping_status":"closed","sticky":false,"template":"","format":"standard","meta":{"footnotes":""},"categories":[66,65,64,16],"tags":[],"class_list":["post-4955","post","type-post","status-publish","format-standard","has-post-thumbnail","hentry","category-jaromir","category-kosior-p","category-kozak","category-travel"],"_links":{"self":[{"href":"https:\/\/lancet-chelm.pl\/index.php?rest_route=\/wp\/v2\/posts\/4955","targetHints":{"allow":["GET"]}}],"collection":[{"href":"https:\/\/lancet-chelm.pl\/index.php?rest_route=\/wp\/v2\/posts"}],"about":[{"href":"https:\/\/lancet-chelm.pl\/index.php?rest_route=\/wp\/v2\/types\/post"}],"author":[{"embeddable":true,"href":"https:\/\/lancet-chelm.pl\/index.php?rest_route=\/wp\/v2\/users\/1"}],"replies":[{"embeddable":true,"href":"https:\/\/lancet-chelm.pl\/index.php?rest_route=%2Fwp%2Fv2%2Fcomments&post=4955"}],"version-history":[{"count":6,"href":"https:\/\/lancet-chelm.pl\/index.php?rest_route=\/wp\/v2\/posts\/4955\/revisions"}],"predecessor-version":[{"id":5429,"href":"https:\/\/lancet-chelm.pl\/index.php?rest_route=\/wp\/v2\/posts\/4955\/revisions\/5429"}],"wp:featuredmedia":[{"embeddable":true,"href":"https:\/\/lancet-chelm.pl\/index.php?rest_route=\/wp\/v2\/media\/5431"}],"wp:attachment":[{"href":"https:\/\/lancet-chelm.pl\/index.php?rest_route=%2Fwp%2Fv2%2Fmedia&parent=4955"}],"wp:term":[{"taxonomy":"category","embeddable":true,"href":"https:\/\/lancet-chelm.pl\/index.php?rest_route=%2Fwp%2Fv2%2Fcategories&post=4955"},{"taxonomy":"post_tag","embeddable":true,"href":"https:\/\/lancet-chelm.pl\/index.php?rest_route=%2Fwp%2Fv2%2Ftags&post=4955"}],"curies":[{"name":"wp","href":"https:\/\/api.w.org\/{rel}","templated":true}]}}