{"id":5461,"date":"2025-04-11T12:27:46","date_gmt":"2025-04-11T10:27:46","guid":{"rendered":"https:\/\/lancet-chelm.pl\/?p=5461"},"modified":"2025-04-11T12:28:03","modified_gmt":"2025-04-11T10:28:03","slug":"akademia-kompresjoterapii","status":"publish","type":"post","link":"https:\/\/lancet-chelm.pl\/?p=5461","title":{"rendered":"Akademia Kompresjoterapii 2025"},"content":{"rendered":"<div id=\"pl-5461\"  class=\"panel-layout\" ><div id=\"pg-5461-0\"  class=\"panel-grid panel-no-style\" ><div id=\"pgc-5461-0-0\"  class=\"panel-grid-cell\" ><div id=\"panel-5461-0-0-0\" class=\"so-panel widget widget_sow-editor panel-first-child panel-last-child\" data-index=\"0\" ><div\n\t\t\t\n\t\t\tclass=\"so-widget-sow-editor so-widget-sow-editor-base\"\n\t\t\t\n\t\t>\n<div class=\"siteorigin-widget-tinymce textwidget\">\n\t<p>W dniach 4-5 kwietnia 2025 r. mgr Arleta Sawicka uczestniczy\u0142a w Akademii Kompresjoterapii \u2013 zaawansowanym szkoleniu z zakresu leczenia uciskowego. G\u0142\u00f3wnym wyk\u0142adowc\u0105 by\u0142 dr n. med. Przemys\u0142aw Lipi\u0144ski, ekspert w dziedzinie leczenia ran i cz\u0142onek zarz\u0105du Polskiego Towarzystwa Leczenia Ran. Program obejmowa\u0142 wyk\u0142ady i warsztaty dotycz\u0105ce zasad i metod stosowania kompresjoterapii.<\/p>\n<p>Kompresjoterapia stanowi kluczowy element terapii ran, zw\u0142aszcza przewlek\u0142ych. Odpowiednio zastosowany ucisk wspomaga kr\u0105\u017cenie krwi i limfy, redukuj\u0105c obrz\u0119ki i poprawiaj\u0105c ukrwienie tkanek. Z tego powodu przyspiesza gojenie i minimalizuje ryzyko powik\u0142a\u0144. Dobrze dobrana kompresjoterapia jest skuteczn\u0105 metod\u0105 leczenia wielu schorze\u0144 sk\u00f3ry i ran ko\u0144czyn dolnych, pe\u0142ni\u0105c r\u00f3wnie\u017c istotn\u0105 funkcj\u0119 profilaktyczn\u0105.<\/p>\n<\/div>\n<\/div><\/div><\/div><\/div><div id=\"pg-5461-1\"  class=\"panel-grid panel-no-style\" ><div id=\"pgc-5461-1-0\"  class=\"panel-grid-cell\" ><div id=\"panel-5461-1-0-0\" class=\"so-panel widget widget_sow-image panel-first-child panel-last-child\" data-index=\"1\" ><div\n\t\t\t\n\t\t\tclass=\"so-widget-sow-image so-widget-sow-image-default-8b5b6f678277-5461\"\n\t\t\t\n\t\t>\n<div class=\"sow-image-container\">\n\t\t<img \n\tsrc=\"https:\/\/lancet-chelm.pl\/wp-content\/uploads\/2025\/04\/komp_01.jpg\" width=\"800\" height=\"600\" srcset=\"https:\/\/lancet-chelm.pl\/wp-content\/uploads\/2025\/04\/komp_01.jpg 800w, https:\/\/lancet-chelm.pl\/wp-content\/uploads\/2025\/04\/komp_01-300x225.jpg 300w, https:\/\/lancet-chelm.pl\/wp-content\/uploads\/2025\/04\/komp_01-768x576.jpg 768w\" sizes=\"(max-width: 800px) 100vw, 800px\" alt=\"\" \t\tclass=\"so-widget-image\"\/>\n\t<\/div>\n\n<\/div><\/div><\/div><div id=\"pgc-5461-1-1\"  class=\"panel-grid-cell\" ><div id=\"panel-5461-1-1-0\" class=\"so-panel widget widget_sow-image panel-first-child panel-last-child\" data-index=\"2\" ><div\n\t\t\t\n\t\t\tclass=\"so-widget-sow-image so-widget-sow-image-default-8b5b6f678277-5461\"\n\t\t\t\n\t\t>\n<div class=\"sow-image-container\">\n\t\t<img \n\tsrc=\"https:\/\/lancet-chelm.pl\/wp-content\/uploads\/2025\/04\/komp_03.jpg\" width=\"800\" height=\"600\" srcset=\"https:\/\/lancet-chelm.pl\/wp-content\/uploads\/2025\/04\/komp_03.jpg 800w, https:\/\/lancet-chelm.pl\/wp-content\/uploads\/2025\/04\/komp_03-300x225.jpg 300w, https:\/\/lancet-chelm.pl\/wp-content\/uploads\/2025\/04\/komp_03-768x576.jpg 768w\" sizes=\"(max-width: 800px) 100vw, 800px\" alt=\"\" \t\tclass=\"so-widget-image\"\/>\n\t<\/div>\n\n<\/div><\/div><\/div><div id=\"pgc-5461-1-2\"  class=\"panel-grid-cell\" ><div id=\"panel-5461-1-2-0\" class=\"so-panel widget widget_sow-image panel-first-child panel-last-child\" data-index=\"3\" ><div\n\t\t\t\n\t\t\tclass=\"so-widget-sow-image so-widget-sow-image-default-8b5b6f678277-5461\"\n\t\t\t\n\t\t>\n<div class=\"sow-image-container\">\n\t\t<img \n\tsrc=\"https:\/\/lancet-chelm.pl\/wp-content\/uploads\/2025\/04\/komp_02-rotated.jpg\" width=\"800\" height=\"600\" srcset=\"https:\/\/lancet-chelm.pl\/wp-content\/uploads\/2025\/04\/komp_02-rotated.jpg 800w, https:\/\/lancet-chelm.pl\/wp-content\/uploads\/2025\/04\/komp_02-300x225.jpg 300w, https:\/\/lancet-chelm.pl\/wp-content\/uploads\/2025\/04\/komp_02-768x576.jpg 768w\" sizes=\"(max-width: 800px) 100vw, 800px\" title=\"komp_02\" alt=\"\" \t\tclass=\"so-widget-image\"\/>\n\t<\/div>\n\n<\/div><\/div><\/div><\/div><\/div>","protected":false},"excerpt":{"rendered":"<p>W dniach 4-5 kwietnia 2025 r. mgr Arleta Sawicka uczestniczy\u0142a w Akademii Kompresjoterapii \u2013 zaawansowanym szkoleniu z zakresu leczenia uciskowego. G\u0142\u00f3wnym wyk\u0142adowc\u0105 by\u0142 dr n. med. Przemys\u0142aw Lipi\u0144ski, ekspert w dziedzinie leczenia ran i cz\u0142onek zarz\u0105du Polskiego Towarzystwa Leczenia Ran. Program obejmowa\u0142 wyk\u0142ady i warsztaty dotycz\u0105ce zasad i metod stosowania kompresjoterapii. Kompresjoterapia stanowi kluczowy element&hellip;<\/p>\n","protected":false},"author":1,"featured_media":5462,"comment_status":"closed","ping_status":"closed","sticky":false,"template":"","format":"standard","meta":{"footnotes":""},"categories":[70,2,71,16],"tags":[],"class_list":["post-5461","post","type-post","status-publish","format-standard","has-post-thumbnail","hentry","category-arleta","category-news","category-rana","category-travel"],"_links":{"self":[{"href":"https:\/\/lancet-chelm.pl\/index.php?rest_route=\/wp\/v2\/posts\/5461","targetHints":{"allow":["GET"]}}],"collection":[{"href":"https:\/\/lancet-chelm.pl\/index.php?rest_route=\/wp\/v2\/posts"}],"about":[{"href":"https:\/\/lancet-chelm.pl\/index.php?rest_route=\/wp\/v2\/types\/post"}],"author":[{"embeddable":true,"href":"https:\/\/lancet-chelm.pl\/index.php?rest_route=\/wp\/v2\/users\/1"}],"replies":[{"embeddable":true,"href":"https:\/\/lancet-chelm.pl\/index.php?rest_route=%2Fwp%2Fv2%2Fcomments&post=5461"}],"version-history":[{"count":2,"href":"https:\/\/lancet-chelm.pl\/index.php?rest_route=\/wp\/v2\/posts\/5461\/revisions"}],"predecessor-version":[{"id":5466,"href":"https:\/\/lancet-chelm.pl\/index.php?rest_route=\/wp\/v2\/posts\/5461\/revisions\/5466"}],"wp:featuredmedia":[{"embeddable":true,"href":"https:\/\/lancet-chelm.pl\/index.php?rest_route=\/wp\/v2\/media\/5462"}],"wp:attachment":[{"href":"https:\/\/lancet-chelm.pl\/index.php?rest_route=%2Fwp%2Fv2%2Fmedia&parent=5461"}],"wp:term":[{"taxonomy":"category","embeddable":true,"href":"https:\/\/lancet-chelm.pl\/index.php?rest_route=%2Fwp%2Fv2%2Fcategories&post=5461"},{"taxonomy":"post_tag","embeddable":true,"href":"https:\/\/lancet-chelm.pl\/index.php?rest_route=%2Fwp%2Fv2%2Ftags&post=5461"}],"curies":[{"name":"wp","href":"https:\/\/api.w.org\/{rel}","templated":true}]}}