{"id":5525,"date":"2025-09-11T23:07:38","date_gmt":"2025-09-11T21:07:38","guid":{"rendered":"https:\/\/lancet-chelm.pl\/?p=5525"},"modified":"2025-09-11T23:19:12","modified_gmt":"2025-09-11T21:19:12","slug":"szkolenie-z-chirurgii-barku-w-belgii","status":"publish","type":"post","link":"https:\/\/lancet-chelm.pl\/?p=5525","title":{"rendered":"Szkolenie z chirurgii barku w Belgii"},"content":{"rendered":"<div id=\"pl-5525\"  class=\"panel-layout\" ><div id=\"pg-5525-0\"  class=\"panel-grid panel-no-style\" ><div id=\"pgc-5525-0-0\"  class=\"panel-grid-cell\" ><div id=\"panel-5525-0-0-0\" class=\"so-panel widget widget_sow-editor panel-first-child panel-last-child\" data-index=\"0\" ><div\n\t\t\t\n\t\t\tclass=\"so-widget-sow-editor so-widget-sow-editor-base\"\n\t\t\t\n\t\t>\n<div class=\"siteorigin-widget-tinymce textwidget\">\n\t<p><span data-tt=\"{&quot;paragraphStyle&quot;:{&quot;alignment&quot;:4,&quot;writingDirection&quot;:1}}\">We wrze\u015bniu <\/span>2025 roku <a href=\"https:\/\/lancet-chelm.pl\/?page_id=128\">dr<\/a><span data-tt=\"{&quot;paragraphStyle&quot;:{&quot;alignment&quot;:4,&quot;writingDirection&quot;:1}}\"> Piotr Kosior spotka\u0142 si\u0119 z dr Dirk Petr\u00e9 w <a href=\"https:\/\/www.sint-jozefskliniek-izegem.be\/\" target=\"_blank\" rel=\"noopener\">Sint-JozefKliniek<\/a> w Izegem w zachodniej Belgii. Klinika obchodz\u0105ca niedawno 100 lecie istnienia jest aktualnie wiod\u0105cym o\u015brodkiem ortopedycznym, szczeg\u00f3lnie w zakresie chirurgii barku. Doktor Petr\u00e9 jest bardzo do\u015bwiadczonym i energicznym operatorem. Dr Kosior u<\/span><span data-tt=\"{&quot;paragraphStyle&quot;:{&quot;alignment&quot;:4,&quot;writingDirection&quot;:1}}\">czestniczy\u0142 w 5 zabiegach:<\/span><\/p>\n<ul>\n<li><span data-tt=\"{&quot;paragraphStyle&quot;:{&quot;alignment&quot;:4,&quot;style&quot;:101,&quot;writingDirection&quot;:1}}\">operacji przewlek\u0142ej niestabilno\u015bci stawu ramiennego wg Laterjet po kilku epizodach zwichni\u0119cia u zawodowego koszykarza <\/span><\/li>\n<li><span data-tt=\"{&quot;paragraphStyle&quot;:{&quot;alignment&quot;:4,&quot;style&quot;:101,&quot;writingDirection&quot;:1}}\">endoprotezoplastyce odwr\u00f3conej stawu ramiennego w pierwotnej artrozie z niewydolnym sto\u017ckiem rotator\u00f3w <\/span><\/li>\n<li><span data-tt=\"{&quot;paragraphStyle&quot;:{&quot;alignment&quot;:4,&quot;style&quot;:101,&quot;writingDirection&quot;:1}}\">endoprotezoplastyce rewizyjnej odwr\u00f3conej stawu ramiennego po infekcji low-grade i usuni\u0119ciu endoprotezy pierwotnej z za\u0142o\u017ceniem cementowego spaceru <\/span><\/li>\n<li><span data-tt=\"{&quot;paragraphStyle&quot;:{&quot;alignment&quot;:4,&quot;style&quot;:101,&quot;writingDirection&quot;:1}}\">artroskopowej rekonstrukcji rewizyjnej mankietu rotator\u00f3w z augmentacj\u0105 ubytku membran\u0105 <\/span><\/li>\n<li><span data-tt=\"{&quot;paragraphStyle&quot;:{&quot;alignment&quot;:4,&quot;style&quot;:101,&quot;writingDirection&quot;:1}}\">artroskopowej naprawie obr\u0105bka stawowego stawu ramiennego po zwichni\u0119ciu z zastosowaniem kotwic bezw\u0119z\u0142owych<\/span><\/li>\n<\/ul>\n<p>Wizyta w szpitalu belgijskim by\u0142a mo\u017cliwa dzi\u0119ki firmie Arthrex, kt\u00f3ra jest znana jest z wprowadzania nowych technik operacyjnych w chirurgii narz\u0105du ruchu.<\/p>\n<\/div>\n<\/div><\/div><\/div><div id=\"pgc-5525-0-1\"  class=\"panel-grid-cell\" ><div id=\"panel-5525-0-1-0\" class=\"so-panel widget widget_sow-image panel-first-child panel-last-child\" data-index=\"1\" ><div\n\t\t\t\n\t\t\tclass=\"so-widget-sow-image so-widget-sow-image-default-8b5b6f678277-5525\"\n\t\t\t\n\t\t>\n<div class=\"sow-image-container\">\n\t\t<img \n\tsrc=\"https:\/\/lancet-chelm.pl\/wp-content\/uploads\/2025\/09\/Izegem_02.jpg\" width=\"533\" height=\"800\" srcset=\"https:\/\/lancet-chelm.pl\/wp-content\/uploads\/2025\/09\/Izegem_02.jpg 533w, https:\/\/lancet-chelm.pl\/wp-content\/uploads\/2025\/09\/Izegem_02-200x300.jpg 200w\" sizes=\"(max-width: 533px) 100vw, 533px\" alt=\"\" \t\tclass=\"so-widget-image\"\/>\n\t<\/div>\n\n<\/div><\/div><\/div><\/div><div id=\"pg-5525-1\"  class=\"panel-grid panel-no-style\" ><div id=\"pgc-5525-1-0\"  class=\"panel-grid-cell\" ><div id=\"panel-5525-1-0-0\" class=\"so-panel widget widget_sow-image panel-first-child panel-last-child\" data-index=\"2\" ><div\n\t\t\t\n\t\t\tclass=\"so-widget-sow-image so-widget-sow-image-default-8b5b6f678277-5525\"\n\t\t\t\n\t\t>\n<div class=\"sow-image-container\">\n\t\t<img \n\tsrc=\"https:\/\/lancet-chelm.pl\/wp-content\/uploads\/2025\/09\/Izegem_03_b.jpg\" width=\"600\" height=\"800\" srcset=\"https:\/\/lancet-chelm.pl\/wp-content\/uploads\/2025\/09\/Izegem_03_b.jpg 600w, https:\/\/lancet-chelm.pl\/wp-content\/uploads\/2025\/09\/Izegem_03_b-225x300.jpg 225w\" sizes=\"(max-width: 600px) 100vw, 600px\" alt=\"\" \t\tclass=\"so-widget-image\"\/>\n\t<\/div>\n\n<\/div><\/div><\/div><div id=\"pgc-5525-1-1\"  class=\"panel-grid-cell\" ><div id=\"panel-5525-1-1-0\" class=\"so-panel widget widget_sow-image panel-first-child panel-last-child\" data-index=\"3\" ><div\n\t\t\t\n\t\t\tclass=\"so-widget-sow-image so-widget-sow-image-default-8b5b6f678277-5525\"\n\t\t\t\n\t\t>\n<div class=\"sow-image-container\">\n\t\t<img \n\tsrc=\"https:\/\/lancet-chelm.pl\/wp-content\/uploads\/2025\/09\/Izegem_01.jpg\" width=\"600\" height=\"800\" srcset=\"https:\/\/lancet-chelm.pl\/wp-content\/uploads\/2025\/09\/Izegem_01.jpg 600w, https:\/\/lancet-chelm.pl\/wp-content\/uploads\/2025\/09\/Izegem_01-225x300.jpg 225w\" sizes=\"(max-width: 600px) 100vw, 600px\" alt=\"\" \t\tclass=\"so-widget-image\"\/>\n\t<\/div>\n\n<\/div><\/div><\/div><\/div><\/div>","protected":false},"excerpt":{"rendered":"<p>We wrze\u015bniu 2025 roku dr Piotr Kosior spotka\u0142 si\u0119 z dr Dirk Petr\u00e9 w Sint-JozefKliniek w Izegem w zachodniej Belgii. Klinika obchodz\u0105ca niedawno 100 lecie istnienia jest aktualnie wiod\u0105cym o\u015brodkiem ortopedycznym, szczeg\u00f3lnie w zakresie chirurgii barku. Doktor Petr\u00e9 jest bardzo do\u015bwiadczonym i energicznym operatorem. Dr Kosior uczestniczy\u0142 w 5 zabiegach: operacji przewlek\u0142ej niestabilno\u015bci stawu ramiennego&hellip;<\/p>\n","protected":false},"author":1,"featured_media":5534,"comment_status":"closed","ping_status":"closed","sticky":false,"template":"","format":"standard","meta":{"footnotes":""},"categories":[65,2,16],"tags":[],"class_list":["post-5525","post","type-post","status-publish","format-standard","has-post-thumbnail","hentry","category-kosior-p","category-news","category-travel"],"_links":{"self":[{"href":"https:\/\/lancet-chelm.pl\/index.php?rest_route=\/wp\/v2\/posts\/5525","targetHints":{"allow":["GET"]}}],"collection":[{"href":"https:\/\/lancet-chelm.pl\/index.php?rest_route=\/wp\/v2\/posts"}],"about":[{"href":"https:\/\/lancet-chelm.pl\/index.php?rest_route=\/wp\/v2\/types\/post"}],"author":[{"embeddable":true,"href":"https:\/\/lancet-chelm.pl\/index.php?rest_route=\/wp\/v2\/users\/1"}],"replies":[{"embeddable":true,"href":"https:\/\/lancet-chelm.pl\/index.php?rest_route=%2Fwp%2Fv2%2Fcomments&post=5525"}],"version-history":[{"count":5,"href":"https:\/\/lancet-chelm.pl\/index.php?rest_route=\/wp\/v2\/posts\/5525\/revisions"}],"predecessor-version":[{"id":5535,"href":"https:\/\/lancet-chelm.pl\/index.php?rest_route=\/wp\/v2\/posts\/5525\/revisions\/5535"}],"wp:featuredmedia":[{"embeddable":true,"href":"https:\/\/lancet-chelm.pl\/index.php?rest_route=\/wp\/v2\/media\/5534"}],"wp:attachment":[{"href":"https:\/\/lancet-chelm.pl\/index.php?rest_route=%2Fwp%2Fv2%2Fmedia&parent=5525"}],"wp:term":[{"taxonomy":"category","embeddable":true,"href":"https:\/\/lancet-chelm.pl\/index.php?rest_route=%2Fwp%2Fv2%2Fcategories&post=5525"},{"taxonomy":"post_tag","embeddable":true,"href":"https:\/\/lancet-chelm.pl\/index.php?rest_route=%2Fwp%2Fv2%2Ftags&post=5525"}],"curies":[{"name":"wp","href":"https:\/\/api.w.org\/{rel}","templated":true}]}}