{"id":5542,"date":"2025-10-26T17:51:30","date_gmt":"2025-10-26T16:51:30","guid":{"rendered":"https:\/\/lancet-chelm.pl\/?p=5542"},"modified":"2025-10-26T17:52:17","modified_gmt":"2025-10-26T16:52:17","slug":"kongres-ptartro-2025","status":"publish","type":"post","link":"https:\/\/lancet-chelm.pl\/?p=5542","title":{"rendered":"Kongres PTArtro Krak\u00f3w 2025"},"content":{"rendered":"<div id=\"pl-5542\"  class=\"panel-layout\" ><div id=\"pg-5542-0\"  class=\"panel-grid panel-no-style\" ><div id=\"pgc-5542-0-0\"  class=\"panel-grid-cell\" ><div id=\"panel-5542-0-0-0\" class=\"so-panel widget widget_sow-image panel-first-child\" data-index=\"0\" ><div\n\t\t\t\n\t\t\tclass=\"so-widget-sow-image so-widget-sow-image-default-8b5b6f678277-5542\"\n\t\t\t\n\t\t>\n<div class=\"sow-image-container\">\n\t\t<img \n\tsrc=\"https:\/\/lancet-chelm.pl\/wp-content\/uploads\/2025\/10\/krakow2025_01.jpg\" width=\"800\" height=\"600\" srcset=\"https:\/\/lancet-chelm.pl\/wp-content\/uploads\/2025\/10\/krakow2025_01.jpg 800w, https:\/\/lancet-chelm.pl\/wp-content\/uploads\/2025\/10\/krakow2025_01-300x225.jpg 300w, https:\/\/lancet-chelm.pl\/wp-content\/uploads\/2025\/10\/krakow2025_01-768x576.jpg 768w\" sizes=\"(max-width: 800px) 100vw, 800px\" title=\"krak\u00f3w2025_01\" alt=\"\" \t\tclass=\"so-widget-image\"\/>\n\t<\/div>\n\n<\/div><\/div><div id=\"panel-5542-0-0-1\" class=\"so-panel widget widget_sow-image\" data-index=\"1\" ><div\n\t\t\t\n\t\t\tclass=\"so-widget-sow-image so-widget-sow-image-default-8b5b6f678277-5542\"\n\t\t\t\n\t\t>\n<div class=\"sow-image-container\">\n\t\t<img \n\tsrc=\"https:\/\/lancet-chelm.pl\/wp-content\/uploads\/2025\/10\/krakow2025_04.jpg\" width=\"800\" height=\"600\" srcset=\"https:\/\/lancet-chelm.pl\/wp-content\/uploads\/2025\/10\/krakow2025_04.jpg 800w, https:\/\/lancet-chelm.pl\/wp-content\/uploads\/2025\/10\/krakow2025_04-300x225.jpg 300w, https:\/\/lancet-chelm.pl\/wp-content\/uploads\/2025\/10\/krakow2025_04-768x576.jpg 768w\" sizes=\"(max-width: 800px) 100vw, 800px\" title=\"krak\u00f3w2025_04\" alt=\"\" \t\tclass=\"so-widget-image\"\/>\n\t<\/div>\n\n<\/div><\/div><div id=\"panel-5542-0-0-2\" class=\"so-panel widget widget_sow-image\" data-index=\"2\" ><div\n\t\t\t\n\t\t\tclass=\"so-widget-sow-image so-widget-sow-image-default-8b5b6f678277-5542\"\n\t\t\t\n\t\t>\n<div class=\"sow-image-container\">\n\t\t<img \n\tsrc=\"https:\/\/lancet-chelm.pl\/wp-content\/uploads\/2025\/10\/krakow2025_02.jpg\" width=\"800\" height=\"600\" srcset=\"https:\/\/lancet-chelm.pl\/wp-content\/uploads\/2025\/10\/krakow2025_02.jpg 800w, https:\/\/lancet-chelm.pl\/wp-content\/uploads\/2025\/10\/krakow2025_02-300x225.jpg 300w, https:\/\/lancet-chelm.pl\/wp-content\/uploads\/2025\/10\/krakow2025_02-768x576.jpg 768w\" sizes=\"(max-width: 800px) 100vw, 800px\" title=\"krak\u00f3w2025_02\" alt=\"\" \t\tclass=\"so-widget-image\"\/>\n\t<\/div>\n\n<\/div><\/div><div id=\"panel-5542-0-0-3\" class=\"so-panel widget widget_sow-image panel-last-child\" data-index=\"3\" ><div\n\t\t\t\n\t\t\tclass=\"so-widget-sow-image so-widget-sow-image-default-8b5b6f678277-5542\"\n\t\t\t\n\t\t>\n<div class=\"sow-image-container\">\n\t\t<img \n\tsrc=\"https:\/\/lancet-chelm.pl\/wp-content\/uploads\/2025\/10\/krakow2025_06.jpg\" width=\"800\" height=\"600\" srcset=\"https:\/\/lancet-chelm.pl\/wp-content\/uploads\/2025\/10\/krakow2025_06.jpg 800w, https:\/\/lancet-chelm.pl\/wp-content\/uploads\/2025\/10\/krakow2025_06-300x225.jpg 300w, https:\/\/lancet-chelm.pl\/wp-content\/uploads\/2025\/10\/krakow2025_06-768x576.jpg 768w\" sizes=\"(max-width: 800px) 100vw, 800px\" title=\"krak\u00f3w2025_06\" alt=\"\" \t\tclass=\"so-widget-image\"\/>\n\t<\/div>\n\n<\/div><\/div><\/div><div id=\"pgc-5542-0-1\"  class=\"panel-grid-cell\" ><div id=\"panel-5542-0-1-0\" class=\"so-panel widget widget_sow-editor panel-first-child\" data-index=\"4\" ><div\n\t\t\t\n\t\t\tclass=\"so-widget-sow-editor so-widget-sow-editor-base\"\n\t\t\t\n\t\t>\n<div class=\"siteorigin-widget-tinymce textwidget\">\n\t<p>W dniach 15-17 pa\u017adziernika 2025 w jesiennym Krakowie odby\u0142 si\u0119 VI Kongres Polskiego Towarzystwa Artroskopii. Wyk\u0142ady podzielone na sesje tematyczne odbywa\u0142y si\u0119 w 5 salach nowoczesnego ICE Congress Center tu\u017c przy brzegu Wis\u0142y. Dr hab. Jaromir Jarecki i dr Piotr Kosior uczestniczyli g\u0142\u00f3wnie w sesjach po\u015bwi\u0119conych chirurgii kolana i stawu ramiennego. Dr Jarecki m.in. przedstawi\u0142 wczesne do\u015bwiadczenia z zastosowania autologicznego przeszczepu ze \u015bci\u0119gna g\u0142owy d\u0142ugiej mi\u0119\u015bnia dwug\u0142owego ramienia w leczeniu masywnych uszkodze\u0144 sto\u017cka rotator\u00f3w wymagaj\u0105cych dodatkowej augmentacji biologicznej. Zjazd by\u0142 doskona\u0142\u0105 okazj\u0105 do spotkania wielu koleg\u00f3w z Polski, kt\u00f3rzy w codziennej praktyce lecz\u0105 pacjent\u00f3w z podobnymi problemami narz\u0105du ruchu.<\/p>\n<\/div>\n<\/div><\/div><div id=\"panel-5542-0-1-1\" class=\"so-panel widget widget_sow-image panel-last-child\" data-index=\"5\" ><div\n\t\t\t\n\t\t\tclass=\"so-widget-sow-image so-widget-sow-image-default-8b5b6f678277-5542\"\n\t\t\t\n\t\t>\n<div class=\"sow-image-container\">\n\t\t<img \n\tsrc=\"https:\/\/lancet-chelm.pl\/wp-content\/uploads\/2025\/10\/krakow2025_05.jpg\" width=\"600\" height=\"785\" srcset=\"https:\/\/lancet-chelm.pl\/wp-content\/uploads\/2025\/10\/krakow2025_05.jpg 600w, https:\/\/lancet-chelm.pl\/wp-content\/uploads\/2025\/10\/krakow2025_05-229x300.jpg 229w\" sizes=\"(max-width: 600px) 100vw, 600px\" title=\"krak\u00f3w2025_05\" alt=\"\" \t\tclass=\"so-widget-image\"\/>\n\t<\/div>\n\n<\/div><\/div><\/div><\/div><\/div>","protected":false},"excerpt":{"rendered":"<p>W dniach 15-17 pa\u017adziernika 2025 w jesiennym Krakowie odby\u0142 si\u0119 VI Kongres Polskiego Towarzystwa Artroskopii. Wyk\u0142ady podzielone na sesje tematyczne odbywa\u0142y si\u0119 w 5 salach nowoczesnego ICE Congress Center tu\u017c przy brzegu Wis\u0142y. Dr hab. Jaromir Jarecki i dr Piotr Kosior uczestniczyli g\u0142\u00f3wnie w sesjach po\u015bwi\u0119conych chirurgii kolana i stawu ramiennego. Dr Jarecki m.in. przedstawi\u0142&hellip;<\/p>\n","protected":false},"author":1,"featured_media":5543,"comment_status":"closed","ping_status":"closed","sticky":false,"template":"","format":"standard","meta":{"footnotes":""},"categories":[66,65,16],"tags":[],"class_list":["post-5542","post","type-post","status-publish","format-standard","has-post-thumbnail","hentry","category-jaromir","category-kosior-p","category-travel"],"_links":{"self":[{"href":"https:\/\/lancet-chelm.pl\/index.php?rest_route=\/wp\/v2\/posts\/5542","targetHints":{"allow":["GET"]}}],"collection":[{"href":"https:\/\/lancet-chelm.pl\/index.php?rest_route=\/wp\/v2\/posts"}],"about":[{"href":"https:\/\/lancet-chelm.pl\/index.php?rest_route=\/wp\/v2\/types\/post"}],"author":[{"embeddable":true,"href":"https:\/\/lancet-chelm.pl\/index.php?rest_route=\/wp\/v2\/users\/1"}],"replies":[{"embeddable":true,"href":"https:\/\/lancet-chelm.pl\/index.php?rest_route=%2Fwp%2Fv2%2Fcomments&post=5542"}],"version-history":[{"count":8,"href":"https:\/\/lancet-chelm.pl\/index.php?rest_route=\/wp\/v2\/posts\/5542\/revisions"}],"predecessor-version":[{"id":5556,"href":"https:\/\/lancet-chelm.pl\/index.php?rest_route=\/wp\/v2\/posts\/5542\/revisions\/5556"}],"wp:featuredmedia":[{"embeddable":true,"href":"https:\/\/lancet-chelm.pl\/index.php?rest_route=\/wp\/v2\/media\/5543"}],"wp:attachment":[{"href":"https:\/\/lancet-chelm.pl\/index.php?rest_route=%2Fwp%2Fv2%2Fmedia&parent=5542"}],"wp:term":[{"taxonomy":"category","embeddable":true,"href":"https:\/\/lancet-chelm.pl\/index.php?rest_route=%2Fwp%2Fv2%2Fcategories&post=5542"},{"taxonomy":"post_tag","embeddable":true,"href":"https:\/\/lancet-chelm.pl\/index.php?rest_route=%2Fwp%2Fv2%2Ftags&post=5542"}],"curies":[{"name":"wp","href":"https:\/\/api.w.org\/{rel}","templated":true}]}}